{"id":355,"date":"2015-06-15T12:00:45","date_gmt":"2015-06-15T10:00:45","guid":{"rendered":"http:\/\/www.hog-architektur.com\/wordpress\/?p=355"},"modified":"2016-02-03T16:40:33","modified_gmt":"2016-02-03T15:40:33","slug":"pavoreal","status":"publish","type":"post","link":"https:\/\/www.hog-architektur.com\/wordpress\/pavoreal\/","title":{"rendered":"Pavoreal"},"content":{"rendered":"<p><strong>Konzept<\/strong><\/p>\n<p>In privilegierter Lage mitten in der Stadt scheinen zwei als zusammenh\u00e4ngende Gro\u00dfform wahrgenommene Bauk\u00f6rper schillernd \u00fcber einer transparenten Erdgescho\u00dfzone zu schweben.\u00a0<span style=\"line-height: 1.5;\">Dieses Quartier wird zur Schnittstelle zwischen Altstadt und dem am Fu\u00dfe der wehrhaften Befestigungsmauer angrenzenden Stadtparks. Eine Br\u00fccke zum historischen Park spannt eine neue Durchgangsachse auf.\u00a0<\/span><br \/>\nDie Einbindung in die Stadt und den Platz geschieht \u00fcber die einpr\u00e4gsame Kontur und besondere Materialit\u00e4t. Die Form der Geb\u00e4ude l\u00f6st sich nach oben hin rippenf\u00f6rmig auf und die Kontur der Dachlandschaft korrespondiert mit den historischen Geb\u00e4uden in unmittelbarer Umgebung. Quer zum Stadtpark gestellt, orientieren sich die Wohnbereiche auf die eigenen\u00a0Freir\u00e4ume zwischen den Geb\u00e4uden und vermeiden bewusst den direkten Blick mit den Besuchern des Parks.<\/p>\n<p>Das Stadtquartier wird zur neuen Adresse und bietet eine komplexe Abwechslung zwischen privaten und \u00f6ffentlichen Bereichen. Die gesamte Erdgescho\u00dfzone wird zum \u00f6ffentlichen Raum, der den Karmeliterplatz mit dem Stadtpark verschr\u00e4nkt, w\u00e4hrend die oberen Gescho\u00dfe der privaten Nutzung vorbehalten sind. Die Wohneinheiten bieten hohe Qualit\u00e4t im Hinblick auf Belichtung und Ausblick. Reichlicher Geb\u00e4udeabstand sichert Privatheit auf den nach S\u00fcden ausgerichteten Wohnungsterrassen. Durch die zwischen den Wohnrippen gelegenen halb\u00f6ffentlichen Au\u00dfenbereiche verst\u00e4rkt sich ein urbanes Lebensgef\u00fchl. Gefaltete Lochbleche in unterschiedlichen Transparenzen umh\u00fcllen das Bauobjekt. Die plastische Fassade fungiert als Klammer differenzierter Nutzungsfunktionen. Sie vereint geschlossene, transparente oder ge\u00f6ffnete Zust\u00e4nde zu einem einheitlichen, schillernden Erscheinungsbild.<\/p>\n","protected":false},"excerpt":{"rendered":"<p>Wettbewerb<br \/>\nGraz, \u00d6sterreich<br \/>\n2007<\/p>\n","protected":false},"author":1,"featured_media":592,"comment_status":"open","ping_status":"open","sticky":false,"template":"","format":"standard","meta":[],"categories":[34,2,1,6],"tags":[],"acf":[],"_links":{"self":[{"href":"https:\/\/www.hog-architektur.com\/wordpress\/wp-json\/wp\/v2\/posts\/355"}],"collection":[{"href":"https:\/\/www.hog-architektur.com\/wordpress\/wp-json\/wp\/v2\/posts"}],"about":[{"href":"https:\/\/www.hog-architektur.com\/wordpress\/wp-json\/wp\/v2\/types\/post"}],"author":[{"embeddable":true,"href":"https:\/\/www.hog-architektur.com\/wordpress\/wp-json\/wp\/v2\/users\/1"}],"replies":[{"embeddable":true,"href":"https:\/\/www.hog-architektur.com\/wordpress\/wp-json\/wp\/v2\/comments?post=355"}],"version-history":[{"count":14,"href":"https:\/\/www.hog-architektur.com\/wordpress\/wp-json\/wp\/v2\/posts\/355\/revisions"}],"predecessor-version":[{"id":2064,"href":"https:\/\/www.hog-architektur.com\/wordpress\/wp-json\/wp\/v2\/posts\/355\/revisions\/2064"}],"wp:featuredmedia":[{"embeddable":true,"href":"https:\/\/www.hog-architektur.com\/wordpress\/wp-json\/wp\/v2\/media\/592"}],"wp:attachment":[{"href":"https:\/\/www.hog-architektur.com\/wordpress\/wp-json\/wp\/v2\/media?parent=355"}],"wp:term":[{"taxonomy":"category","embeddable":true,"href":"https:\/\/www.hog-architektur.com\/wordpress\/wp-json\/wp\/v2\/categories?post=355"},{"taxonomy":"post_tag","embeddable":true,"href":"https:\/\/www.hog-architektur.com\/wordpress\/wp-json\/wp\/v2\/tags?post=355"}],"curies":[{"name":"wp","href":"https:\/\/api.w.org\/{rel}","templated":true}]}}